{"id":5716,"date":"2017-11-27T12:50:44","date_gmt":"2017-11-27T11:50:44","guid":{"rendered":"https:\/\/www.maigut-fotografie.de\/koeln-fotograf\/?p=5716"},"modified":"2025-01-17T22:05:26","modified_gmt":"2025-01-17T21:05:26","slug":"vintage-shooting","status":"publish","type":"post","link":"https:\/\/www.maigut-fotografie.de\/koeln-fotograf\/vintage-shooting\/","title":{"rendered":"Vintage Shooting im 20er Jahre Stil"},"content":{"rendered":"<p class=\"p1\">Wir lieben diese Fotostrecke, inspiriert von den Zwanziger-Jahren. Lillialisa.pescador@insta ist wie wir ein gro\u00dfer Vinted-Fan, und so konnten wir passende Outfits zum Thema zusammenstellen und kreativ werden. Die Bilder sind sowohl im Studio als auch in den Stra\u00dfen von Ehrenfeld entstanden. Zum Abschluss waren wir noch im Weltempf\u00e4nger \u2013 ein sch\u00f6ner Ort f\u00fcr einen Kaffee oder ein paar entspannte Bilder bei nat\u00fcrlichem Licht.<\/p>\n<p class=\"p1\">Das Ganze fand im Rahmen eines \u2018Fotolicious Deluxe\u2019 Beauty-Shootings statt. Weitere Infos zu Preisen und Details gibt\u2019s hier: <a href=\"https:\/\/www.maigut-fotografie.de\/koeln-fotograf\/preise-glamour-aktfotografie\/\">Fotolicious-Deluxe-Glamour.<\/a><\/p>\n<p><a href=\"https:\/\/www.maigut-fotografie.de\/koeln-fotograf\/wp-content\/uploads\/sites\/5\/2017\/11\/01_20er-Jahre-Bilder.jpg\"><img decoding=\"async\" class=\"aligncenter size-blog-image wp-image-5717\" src=\"https:\/\/www.maigut-fotografie.de\/koeln-fotograf\/wp-content\/uploads\/sites\/5\/2017\/11\/01_20er-Jahre-Bilder-1160x700.jpg\" alt=\"\" width=\"1160\" height=\"700\" srcset=\"https:\/\/www.maigut-fotografie.de\/koeln-fotograf\/wp-content\/uploads\/sites\/5\/2017\/11\/01_20er-Jahre-Bilder-1160x700.jpg 1160w, https:\/\/www.maigut-fotografie.de\/koeln-fotograf\/wp-content\/uploads\/sites\/5\/2017\/11\/01_20er-Jahre-Bilder-1160x700@2x.jpg 2320w\" sizes=\"(max-width: 1160px) 100vw, 1160px\" \/><\/a><\/p>\n<p><a href=\"https:\/\/www.maigut-fotografie.de\/koeln-fotograf\/wp-content\/uploads\/sites\/5\/2017\/11\/07_20er-Jahre-Bilder.jpg\"><img decoding=\"async\" class=\"aligncenter size-blog-image wp-image-5723\" src=\"https:\/\/www.maigut-fotografie.de\/koeln-fotograf\/wp-content\/uploads\/sites\/5\/2017\/11\/07_20er-Jahre-Bilder-1160x700.jpg\" alt=\"\" width=\"1160\" height=\"700\" srcset=\"https:\/\/www.maigut-fotografie.de\/koeln-fotograf\/wp-content\/uploads\/sites\/5\/2017\/11\/07_20er-Jahre-Bilder-1160x700.jpg 1160w, https:\/\/www.maigut-fotografie.de\/koeln-fotograf\/wp-content\/uploads\/sites\/5\/2017\/11\/07_20er-Jahre-Bilder-1160x700@2x.jpg 2320w\" sizes=\"(max-width: 1160px) 100vw, 1160px\" \/><\/a><\/p>\n<p><a href=\"https:\/\/www.maigut-fotografie.de\/koeln-fotograf\/wp-content\/uploads\/sites\/5\/2017\/11\/02_20er-Jahre-Bilder.jpg\"><img decoding=\"async\" class=\"aligncenter size-blog-image wp-image-5718\" src=\"https:\/\/www.maigut-fotografie.de\/koeln-fotograf\/wp-content\/uploads\/sites\/5\/2017\/11\/02_20er-Jahre-Bilder-1160x700.jpg\" alt=\"\" width=\"1160\" height=\"700\" srcset=\"https:\/\/www.maigut-fotografie.de\/koeln-fotograf\/wp-content\/uploads\/sites\/5\/2017\/11\/02_20er-Jahre-Bilder-1160x700.jpg 1160w, https:\/\/www.maigut-fotografie.de\/koeln-fotograf\/wp-content\/uploads\/sites\/5\/2017\/11\/02_20er-Jahre-Bilder-1160x700@2x.jpg 2320w\" sizes=\"(max-width: 1160px) 100vw, 1160px\" \/><\/a><\/p>\n<p><a href=\"https:\/\/www.maigut-fotografie.de\/koeln-fotograf\/wp-content\/uploads\/sites\/5\/2017\/11\/06_20er-Jahre-Bilder.jpg\"><img decoding=\"async\" class=\"aligncenter size-blog-image wp-image-5722\" src=\"https:\/\/www.maigut-fotografie.de\/koeln-fotograf\/wp-content\/uploads\/sites\/5\/2017\/11\/06_20er-Jahre-Bilder-1160x700.jpg\" alt=\"\" width=\"1160\" height=\"700\" srcset=\"https:\/\/www.maigut-fotografie.de\/koeln-fotograf\/wp-content\/uploads\/sites\/5\/2017\/11\/06_20er-Jahre-Bilder-1160x700.jpg 1160w, https:\/\/www.maigut-fotografie.de\/koeln-fotograf\/wp-content\/uploads\/sites\/5\/2017\/11\/06_20er-Jahre-Bilder-1160x700@2x.jpg 2320w\" sizes=\"(max-width: 1160px) 100vw, 1160px\" \/><\/a><\/p>\n<p><a href=\"https:\/\/www.maigut-fotografie.de\/koeln-fotograf\/wp-content\/uploads\/sites\/5\/2017\/11\/05_20er-Jahre-Bilder.jpg\"><img decoding=\"async\" class=\"aligncenter size-blog-image wp-image-5721\" src=\"https:\/\/www.maigut-fotografie.de\/koeln-fotograf\/wp-content\/uploads\/sites\/5\/2017\/11\/05_20er-Jahre-Bilder-1160x700.jpg\" alt=\"\" width=\"1160\" height=\"700\" srcset=\"https:\/\/www.maigut-fotografie.de\/koeln-fotograf\/wp-content\/uploads\/sites\/5\/2017\/11\/05_20er-Jahre-Bilder-1160x700.jpg 1160w, https:\/\/www.maigut-fotografie.de\/koeln-fotograf\/wp-content\/uploads\/sites\/5\/2017\/11\/05_20er-Jahre-Bilder-1160x700@2x.jpg 2320w\" sizes=\"(max-width: 1160px) 100vw, 1160px\" \/><\/a><\/p>\n<p><a href=\"https:\/\/www.maigut-fotografie.de\/koeln-fotograf\/wp-content\/uploads\/sites\/5\/2017\/11\/03_20er-Jahre-Bilder.jpg\"><img decoding=\"async\" class=\"aligncenter size-blog-image wp-image-5719\" src=\"https:\/\/www.maigut-fotografie.de\/koeln-fotograf\/wp-content\/uploads\/sites\/5\/2017\/11\/03_20er-Jahre-Bilder-1160x700.jpg\" alt=\"\" width=\"1160\" height=\"700\" srcset=\"https:\/\/www.maigut-fotografie.de\/koeln-fotograf\/wp-content\/uploads\/sites\/5\/2017\/11\/03_20er-Jahre-Bilder-1160x700.jpg 1160w, https:\/\/www.maigut-fotografie.de\/koeln-fotograf\/wp-content\/uploads\/sites\/5\/2017\/11\/03_20er-Jahre-Bilder-1160x700@2x.jpg 2320w\" sizes=\"(max-width: 1160px) 100vw, 1160px\" \/><\/a><\/p>\n<p><a href=\"https:\/\/www.maigut-fotografie.de\/koeln-fotograf\/wp-content\/uploads\/sites\/5\/2017\/11\/04_20er-Jahre-Bilder.jpg\"><img decoding=\"async\" class=\"aligncenter size-blog-image wp-image-5720\" src=\"https:\/\/www.maigut-fotografie.de\/koeln-fotograf\/wp-content\/uploads\/sites\/5\/2017\/11\/04_20er-Jahre-Bilder-1160x700.jpg\" alt=\"\" width=\"1160\" height=\"700\" srcset=\"https:\/\/www.maigut-fotografie.de\/koeln-fotograf\/wp-content\/uploads\/sites\/5\/2017\/11\/04_20er-Jahre-Bilder-1160x700.jpg 1160w, https:\/\/www.maigut-fotografie.de\/koeln-fotograf\/wp-content\/uploads\/sites\/5\/2017\/11\/04_20er-Jahre-Bilder-1160x700@2x.jpg 2320w\" sizes=\"(max-width: 1160px) 100vw, 1160px\" \/><\/a><\/p>\n","protected":false},"excerpt":{"rendered":"<p>Wir lieben diese Fotostrecke als Zwanziger-Jahre-Inspiration. Wir hatten alle M\u00f6glichkeiten stilechte Outfits zum Thema zusammenzustellen und konnten unserer Kreativit\u00e4t freien Lauf lassen&#8230;<\/p>\n<p><a href=\"https:\/\/www.maigut-fotografie.de\/koeln-fotograf\/vintage-shooting\/\" class=\"more-link style3-button\">Weiterlesen<\/a><\/p>","protected":false},"author":1,"featured_media":5724,"comment_status":"closed","ping_status":"closed","sticky":false,"template":"","format":"image","meta":{"_acf_changed":false,"iawp_total_views":490,"footnotes":""},"categories":[108,121,112],"tags":[],"class_list":["post-5716","post","type-post","status-publish","format-image","has-post-thumbnail","hentry","category-beauty-fashion","category-fotografie-und-medienproduktion","category-schauspieler-kuenstler","post_format-post-format-image"],"acf":[],"_links":{"self":[{"href":"https:\/\/www.maigut-fotografie.de\/koeln-fotograf\/wp-json\/wp\/v2\/posts\/5716","targetHints":{"allow":["GET"]}}],"collection":[{"href":"https:\/\/www.maigut-fotografie.de\/koeln-fotograf\/wp-json\/wp\/v2\/posts"}],"about":[{"href":"https:\/\/www.maigut-fotografie.de\/koeln-fotograf\/wp-json\/wp\/v2\/types\/post"}],"author":[{"embeddable":true,"href":"https:\/\/www.maigut-fotografie.de\/koeln-fotograf\/wp-json\/wp\/v2\/users\/1"}],"replies":[{"embeddable":true,"href":"https:\/\/www.maigut-fotografie.de\/koeln-fotograf\/wp-json\/wp\/v2\/comments?post=5716"}],"version-history":[{"count":4,"href":"https:\/\/www.maigut-fotografie.de\/koeln-fotograf\/wp-json\/wp\/v2\/posts\/5716\/revisions"}],"predecessor-version":[{"id":8045,"href":"https:\/\/www.maigut-fotografie.de\/koeln-fotograf\/wp-json\/wp\/v2\/posts\/5716\/revisions\/8045"}],"wp:featuredmedia":[{"embeddable":true,"href":"https:\/\/www.maigut-fotografie.de\/koeln-fotograf\/wp-json\/wp\/v2\/media\/5724"}],"wp:attachment":[{"href":"https:\/\/www.maigut-fotografie.de\/koeln-fotograf\/wp-json\/wp\/v2\/media?parent=5716"}],"wp:term":[{"taxonomy":"category","embeddable":true,"href":"https:\/\/www.maigut-fotografie.de\/koeln-fotograf\/wp-json\/wp\/v2\/categories?post=5716"},{"taxonomy":"post_tag","embeddable":true,"href":"https:\/\/www.maigut-fotografie.de\/koeln-fotograf\/wp-json\/wp\/v2\/tags?post=5716"}],"curies":[{"name":"wp","href":"https:\/\/api.w.org\/{rel}","templated":true}]}}